{"id":2128,"date":"2023-07-10T15:00:17","date_gmt":"2023-07-10T13:00:17","guid":{"rendered":"https:\/\/kno.farnost.cz\/?p=2128"},"modified":"2023-07-16T20:43:34","modified_gmt":"2023-07-16T18:43:34","slug":"sbirka-na-obnovu-historickych-varhan","status":"publish","type":"post","link":"https:\/\/kno.farnost.cz\/?p=2128","title":{"rendered":"Sb\u00edrka na obnovu historick\u00fdch varhan"},"content":{"rendered":"<p>M\u011bsto Kostelec nad Orlic\u00ed vyhla\u0161uje ve\u0159ejnou sb\u00edrku na shroma\u017e\u010fov\u00e1n\u00ed finan\u010dn\u00edch prost\u0159edk\u016f na obnovu historick\u00fdch varhan v kostele sv. Ji\u0159\u00ed v Kostelci nad Orlic\u00ed.<br \/>\n\u201eVra\u0165me hlas kosteleck\u00fdm varhan\u00e1m\u201c.<\/p>\n<p><strong>Sb\u00edrka se kon\u00e1 od 14.06.2023 do 31.12.2023. Sb\u00edrkov\u00fdmi kasi\u010dkami um\u00edst\u011bn\u00fdmi:<\/strong><\/p>\n<p><strong>M\u011bstsk\u00fd \u00fa\u0159ad<\/strong>, Palack\u00e9ho n\u00e1m\u011bst\u00ed \u010dp. 38, Kostelec nad Orlic\u00ed<br \/>\n<strong>Chr\u00e1m sv. Ji\u0159\u00ed<\/strong>, Jir\u00e1skovo n\u00e1m\u011bst\u00ed, Kostelec nad Orlic\u00ed<br \/>\n<strong>Region\u00e1ln\u00ed turistick\u00e9 a informa\u010dn\u00ed centrum, o.p.s.<\/strong>, Palack\u00e9ho n\u00e1m\u011bst\u00ed \u010dp. 29, Kostelec nad Orlic\u00ed<\/p>\n<p><strong>Transparentn\u00ed sb\u00edrkov\u00fd \u00fa\u010det:<\/strong><\/p>\n<p>\u010cesk\u00e1 spo\u0159itelna, a.s., pobo\u010dka Kostelec nad Orlic\u00ed,<br \/>\nPalack\u00e9ho n\u00e1m\u011bst\u00ed 38, 517 41 Kostelec nad Orlic\u00ed,<br \/>\n<a href=\"https:\/\/www.csas.cz\/cs\/transparentni-ucty#\/000000-6309356379\/Mesto-Kostelec-nad-Orlici\"><strong>\u010d. \u00fa\u010dtu 6309356379\/0800<\/strong><\/a><\/p>\n<p>Za ka\u017ed\u00fd finan\u010dn\u00ed dar d\u011bkujeme!<\/p>\n<p>\u00da\u010delem sb\u00edrky je obnova historick\u00fdch varhan v kostele sv. Ji\u0159\u00ed v Kostelci nad Orlic\u00ed. Ji\u017e v roce 2007 vypracoval diec\u00e9zn\u00ed organolog p. V\u00e1clav Uhl\u00ed\u0159 n\u00e1vrh restaur\u00e1torsk\u00e9ho z\u00e1m\u011bru na obnovu varhan kostela z d\u016fvodu siln\u00e9ho opot\u0159eben\u00ed n\u00e1stroje. Za uplynul\u00e9 roky se nepoda\u0159ilo shrom\u00e1\u017edit finan\u010dn\u00ed prost\u0159edky pot\u0159ebn\u00e9 k proveden\u00ed nutn\u00fdch oprav a stav n\u00e1stroje se nav\u00edc zna\u010dn\u011b zhor\u0161il. P\u0159edpokl\u00e1dan\u00e1 finan\u010dn\u00ed n\u00e1ro\u010dnost opravy varhan v\u00fdznamn\u011b p\u0159ekra\u010duje mo\u017enosti kosteleck\u00e9 farnosti, a to p\u0159esto, \u017ee obnovu varhan by bylo nutn\u00e9 prov\u00e1d\u011bt na etapy podle funk\u010dn\u00edch celk\u016f.<\/p>\n<p>Ve\u0159ejn\u00e1 sb\u00edrka organizovan\u00e1 obc\u00ed je d\u016fle\u017eit\u00fdm vyj\u00e1d\u0159en\u00edm podpory obyvatel m\u011bsta i samotn\u00e9ho m\u011bsta uveden\u00e9mu z\u00e1m\u011bru k z\u00e1chran\u011b a obnov\u011b varhan. Finan\u010dn\u00ed prost\u0159edky z\u00edskan\u00e9 ve\u0159ejnou sb\u00edrkou budou pou\u017eity v\u00fdhradn\u011b na pr\u00e1ce spojen\u00e9 s restaurov\u00e1n\u00edm n\u00e1stroje, a to i formou spolu\u00fa\u010dasti k p\u0159\u00edpadn\u00e9 dotaci Kr\u00e1lov\u00e9hradeck\u00e9ho kraje v programu Obnova historick\u00fdch varhan. Z tohoto programu ji\u017e byla podpo\u0159ena oprava \u0159ady varhan v obc\u00edch na\u0161eho regionu a n\u011bkter\u00e9 byly za\u0159azeny i do projektu Vzk\u0159\u00ed\u0161en\u00e9 varhany podporovan\u00e9ho KHK.<\/p>\n<p>Kosteln\u00ed varhany nejsou jen sou\u010d\u00e1st\u00ed historick\u00e9ho objektu a kulturn\u00ed pam\u00e1tky, jsou p\u0159edev\u0161\u00edm hudebn\u00edm n\u00e1strojem, kter\u00fd je pravideln\u011b vyu\u017e\u00edv\u00e1n p\u0159i liturgii a pak tak\u00e9 p\u0159i r\u016fzn\u00fdch koncertech organizovan\u00fdch pro ob\u010dany a n\u00e1v\u0161t\u011bvn\u00edky na\u0161eho m\u011bsta. N\u00e1stroj je vyu\u017e\u00edv\u00e1n i pro v\u00fduku d\u011bt\u00ed m\u00edstn\u00ed ZU\u0160. Sou\u010dasn\u00fd technick\u00fd stav varhan, funk\u010dnost prvk\u016f a jejich ne\u0159e\u0161iteln\u00e1 rozlad\u011bnost je na hranic\u00edch pou\u017eitelnosti pro v\u00fd\u0161e uveden\u00e9 \u00fa\u010dely.<\/p>\n<p><a href=\"https:\/\/kno.farnost.cz\/wp-content\/uploads\/2023\/07\/Image.jpg\" data-rel=\"lightbox-image-0\" data-rl_title=\"\" data-rl_caption=\"\" title=\"\"><img loading=\"lazy\" decoding=\"async\" class=\"alignnone size-medium wp-image-2129\" src=\"https:\/\/kno.farnost.cz\/wp-content\/uploads\/2023\/07\/Image-212x300.jpg\" alt=\"\" width=\"212\" height=\"300\" srcset=\"https:\/\/kno.farnost.cz\/wp-content\/uploads\/2023\/07\/Image-212x300.jpg 212w, https:\/\/kno.farnost.cz\/wp-content\/uploads\/2023\/07\/Image-644x910.jpg 644w, https:\/\/kno.farnost.cz\/wp-content\/uploads\/2023\/07\/Image.jpg 700w\" sizes=\"auto, (max-width: 212px) 100vw, 212px\" \/><\/a><\/p>\n","protected":false},"excerpt":{"rendered":"<p>M\u011bsto Kostelec nad Orlic\u00ed vyhla\u0161uje ve\u0159ejnou sb\u00edrku na shroma\u017e\u010fov\u00e1n\u00ed finan\u010dn\u00edch prost\u0159edk\u016f na obnovu historick\u00fdch varhan v kostele sv. Ji\u0159\u00ed v Kostelci nad Orlic\u00ed. \u201eVra\u0165me hlas kosteleck\u00fdm varhan\u00e1m\u201c. Sb\u00edrka se kon\u00e1 od 14.06.2023 do 31.12.2023. Sb\u00edrkov\u00fdmi kasi\u010dkami um\u00edst\u011bn\u00fdmi: M\u011bstsk\u00fd \u00fa\u0159ad, Palack\u00e9ho n\u00e1m\u011bst\u00ed \u010dp. 38, Kostelec nad Orlic\u00ed Chr\u00e1m sv. Ji\u0159\u00ed, Jir\u00e1skovo n\u00e1m\u011bst\u00ed, Kostelec nad Orlic\u00ed Region\u00e1ln\u00ed &hellip; <a href=\"https:\/\/kno.farnost.cz\/?p=2128\" class=\"more-link\">Pokra\u010dov\u00e1n\u00ed textu <span class=\"screen-reader-text\">Sb\u00edrka na obnovu historick\u00fdch varhan<\/span> <span class=\"meta-nav\">&rarr;<\/span><\/a><\/p>\n","protected":false},"author":1,"featured_media":0,"comment_status":"closed","ping_status":"closed","sticky":false,"template":"","format":"image","meta":{"footnotes":""},"categories":[4],"tags":[],"class_list":["post-2128","post","type-post","status-publish","format-image","hentry","category-aktualne","post_format-post-format-image"],"_links":{"self":[{"href":"https:\/\/kno.farnost.cz\/index.php?rest_route=\/wp\/v2\/posts\/2128","targetHints":{"allow":["GET"]}}],"collection":[{"href":"https:\/\/kno.farnost.cz\/index.php?rest_route=\/wp\/v2\/posts"}],"about":[{"href":"https:\/\/kno.farnost.cz\/index.php?rest_route=\/wp\/v2\/types\/post"}],"author":[{"embeddable":true,"href":"https:\/\/kno.farnost.cz\/index.php?rest_route=\/wp\/v2\/users\/1"}],"replies":[{"embeddable":true,"href":"https:\/\/kno.farnost.cz\/index.php?rest_route=%2Fwp%2Fv2%2Fcomments&post=2128"}],"version-history":[{"count":2,"href":"https:\/\/kno.farnost.cz\/index.php?rest_route=\/wp\/v2\/posts\/2128\/revisions"}],"predecessor-version":[{"id":2131,"href":"https:\/\/kno.farnost.cz\/index.php?rest_route=\/wp\/v2\/posts\/2128\/revisions\/2131"}],"wp:attachment":[{"href":"https:\/\/kno.farnost.cz\/index.php?rest_route=%2Fwp%2Fv2%2Fmedia&parent=2128"}],"wp:term":[{"taxonomy":"category","embeddable":true,"href":"https:\/\/kno.farnost.cz\/index.php?rest_route=%2Fwp%2Fv2%2Fcategories&post=2128"},{"taxonomy":"post_tag","embeddable":true,"href":"https:\/\/kno.farnost.cz\/index.php?rest_route=%2Fwp%2Fv2%2Ftags&post=2128"}],"curies":[{"name":"wp","href":"https:\/\/api.w.org\/{rel}","templated":true}]}}